[{"@context":"https:\/\/schema.org\/","@type":"Article","@id":"https:\/\/www.galpos.cz\/nezapomenutelna-chvile\/#Article","mainEntityOfPage":"https:\/\/www.galpos.cz\/nezapomenutelna-chvile\/","headline":"Nezapomenuteln\u00e1 chv\u00edle","name":"Nezapomenuteln\u00e1 chv\u00edle","description":"\u017d\u00e1dost o ruku je chv\u00edle, kterou si \u010dlov\u011bk v\u011bt\u0161inou pamatuje do konce \u017eivota. B\u00fdv\u00e1 zvykem, \u017ee \u017e\u00e1d\u00e1 mu\u017e o ruku \u017eenu, mlad\u00edk &#8211; sle\u010dnu. Dne\u0161n\u00ed modern\u00ed doba v\u0161ak p\u0159in\u00e1\u0161\u00ed i podivn\u00e9 situace, nad kter\u00fdmi star\u0161\u00ed generaci z\u016fst\u00e1v\u00e1 rozum st\u00e1t. Klidn\u011b se toti\u017e m\u016f\u017ee st\u00e1t, \u017ee d\u00edvka \u010di \u017eena, kter\u00e1 si je jist\u00e1 napln\u011bn\u00fdm vztahem, po\u017e\u00e1d\u00e1 [&hellip;]","datePublished":"2024-11-06","dateModified":"2024-11-06","author":{"@type":"Person","@id":"https:\/\/www.galpos.cz\/author\/#Person","name":"","url":"https:\/\/www.galpos.cz\/author\/","identifier":1,"image":{"@type":"ImageObject","@id":"https:\/\/secure.gravatar.com\/avatar\/1fd5b20daa9a47a1102459a7c733d369075d8cc724ab489feb8ed72c657d346e?s=96&d=mm&r=g","url":"https:\/\/secure.gravatar.com\/avatar\/1fd5b20daa9a47a1102459a7c733d369075d8cc724ab489feb8ed72c657d346e?s=96&d=mm&r=g","height":96,"width":96}},"publisher":{"@type":"Organization","name":"galpos.cz","logo":{"@type":"ImageObject","@id":"\/logo.png","url":"\/logo.png","width":600,"height":60}},"url":"https:\/\/www.galpos.cz\/nezapomenutelna-chvile\/","wordCount":178,"articleBody":"\u017d\u00e1dost o ruku je chv\u00edle, kterou si \u010dlov\u011bk v\u011bt\u0161inou pamatuje do konce \u017eivota. B\u00fdv\u00e1 zvykem, \u017ee \u017e\u00e1d\u00e1 mu\u017e o ruku \u017eenu, mlad\u00edk &#8211; sle\u010dnu. Dne\u0161n\u00ed modern\u00ed doba v\u0161ak p\u0159in\u00e1\u0161\u00ed i podivn\u00e9 situace, nad kter\u00fdmi star\u0161\u00ed generaci z\u016fst\u00e1v\u00e1 rozum st\u00e1t. Klidn\u011b se toti\u017e m\u016f\u017ee st\u00e1t, \u017ee d\u00edvka \u010di \u017eena, kter\u00e1 si je jist\u00e1 napln\u011bn\u00fdm vztahem, po\u017e\u00e1d\u00e1 o ruku mu\u017ee.Na vlastn\u00ed o\u010diSama jsem byla jednou sv\u011bdkem takov\u00e9 situace, kdy na romantick\u00e9m koncertu jednoho na\u0161eho zp\u011bv\u00e1ka \u0161eptala vedle stoj\u00edc\u00ed sle\u010dna sv\u00e9mu p\u0159\u00edteli: vezme\u0161 si m\u011b? A chlapec se jen pousm\u00e1l. Na prvn\u00ed pohled bylo z\u0159ejm\u00e9, \u017ee tito dva svou touhu uskute\u010dn\u00ed, ale je\u0161t\u011b p\u0159edt\u00edm budou pokra\u010dovat v romantick\u00e9m duchu a vym\u011bn\u00ed si z\u00e1snubn\u00ed prsteny. Moc jsem jim to p\u0159\u00e1la a jen ti\u0161e z\u00e1vid\u011bla, i kdy\u017e v\u00edm, \u017ee to nen\u00ed p\u011bkn\u00e1 vlastnost.                                                                                                                                                                                                                                                                                                                                                                                        4\/5 - (1 vote)        "},{"@context":"https:\/\/schema.org\/","@type":"BreadcrumbList","itemListElement":[{"@type":"ListItem","position":1,"name":"Nezapomenuteln\u00e1 chv\u00edle","item":"https:\/\/www.galpos.cz\/nezapomenutelna-chvile\/#breadcrumbitem"}]}]